{"id":65772,"date":"2026-04-27T12:54:06","date_gmt":"2026-04-27T12:54:06","guid":{"rendered":"https:\/\/efesushome.com\/rock-face-natural-stone-wall-cladding-interior-exterior\/"},"modified":"2026-04-27T13:19:50","modified_gmt":"2026-04-27T13:19:50","slug":"rockface-dogal-tas-duvar-kaplama-ic-dis-mekan","status":"publish","type":"post","link":"https:\/\/efesushome.com\/tr\/rockface-dogal-tas-duvar-kaplama-ic-dis-mekan\/","title":{"rendered":"Rockface Do\u011fal Ta\u015f Duvar Kaplama ile \u0130\u00e7 ve D\u0131\u015f Mekan Tasar\u0131m\u0131"},"content":{"rendered":"\n<h2 class=\"wp-block-heading\">Rockface Do\u011fal Ta\u015f Duvar Kaplama ile Mekanlarda Do\u011fal Etki<\/h2>\n\n\n\n<p>Rockace do\u011fal ta\u015f duvar kaplama, i\u00e7 ve d\u0131\u015f mekan tasar\u0131m\u0131nda y\u00fczeylere g\u00fc\u00e7l\u00fc bir karakter kazand\u0131ran uygulamalardan biridir. Do\u011fal ta\u015f\u0131n k\u0131r\u0131kl\u0131 ve ham dokusu sayesinde olu\u015fturulan bu y\u00fczeyler, mek\u00e2na yaln\u0131zca estetik de\u011fil ayn\u0131 zamanda derinlik ve hacim hissi de kazand\u0131r\u0131r.<\/p>\n\n\n\n<p>Modern mimaride s\u0131kl\u0131kla tercih edilen rockface uygulamalar\u0131, do\u011fal g\u00f6r\u00fcn\u00fcm\u00fc korurken g\u00fc\u00e7l\u00fc bir y\u00fczey etkisi yarat\u0131r. Bu \u00f6zellikleri sayesinde hem i\u00e7 mekanlarda hem de d\u0131\u015f cephelerde dengeli ve dikkat \u00e7ekici tasar\u0131mlar olu\u015fturmak m\u00fcmk\u00fcnd\u00fcr.<\/p>\n\n\n\n<hr class=\"wp-block-separator has-alpha-channel-opacity\"\/>\n\n\n\n<h2 class=\"wp-block-heading\">Rockface Ta\u015f ile \u0130\u00e7 Mekan Tasar\u0131m\u0131<\/h2>\n\n\n\n<p>\u0130\u00e7 mekanlarda rockface ta\u015f kullan\u0131m\u0131, d\u00fcz y\u00fczeylere alternatif olarak daha dokulu ve katmanl\u0131 bir g\u00f6r\u00fcn\u00fcm sunar. \u00d6zellikle duvar y\u00fczeylerinde kullan\u0131lan bu uygulama, mek\u00e2n\u0131n odak noktas\u0131n\u0131 belirleyen g\u00fc\u00e7l\u00fc bir tasar\u0131m unsuru h\u00e2line gelir.<\/p>\n\n\n\n<p>Bu kullan\u0131m sayesinde:<\/p>\n\n\n\n<ul class=\"wp-block-list\">\n<li>Mek\u00e2na do\u011fal bir doku kazand\u0131r\u0131l\u0131r<\/li>\n\n\n\n<li>D\u00fcz y\u00fczeylerin monotonlu\u011fu k\u0131r\u0131l\u0131r<\/li>\n\n\n\n<li>I\u015f\u0131k ile birlikte de\u011fi\u015fen y\u00fczey etkisi olu\u015fturulur<\/li>\n<\/ul>\n\n\n<div class=\"wp-block-image\">\n<figure class=\"aligncenter size-large is-resized\"><img fetchpriority=\"high\" decoding=\"async\" width=\"1400\" height=\"725\" src=\"https:\/\/efesushome.com\/wp-content\/uploads\/2026\/04\/hf_20260427_124941_bc002bbc-62df-416e-b927-fe7eebff545f-1-1400x725.png\" alt=\"- Efesus Home\" class=\"wp-image-65769\" style=\"aspect-ratio:1.9308957689821133;width:730px;height:auto\" title=\"\"><\/figure>\n<\/div>\n\n\n<p class=\"has-text-align-center\"><a href=\"https:\/\/efesushome.com\/tr\/burdur-bej-mermer\/\">\u0130\u00e7 Mekan Tasar\u0131m\u0131 i\u00e7in Burdur Bej Rockface Duvar Kaplamas\u0131<\/a><\/p>\n\n\n\n<hr class=\"wp-block-separator has-alpha-channel-opacity\"\/>\n\n\n\n<h2 class=\"wp-block-heading\">D\u0131\u015f Mekanlarda Rockface Duvar Kaplama<\/h2>\n\n\n\n<p>Rockface do\u011fal ta\u015f duvar kaplama, d\u0131\u015f mekan projelerinde de s\u0131k\u00e7a tercih edilir. Bah\u00e7e duvarlar\u0131, villa cepheleri ve peyzaj alanlar\u0131nda kullan\u0131lan bu ta\u015flar, do\u011fal \u00e7evre ile uyumlu bir g\u00f6r\u00fcn\u00fcm olu\u015fturur.<\/p>\n\n\n\n<p>D\u0131\u015f mekan kullan\u0131mlar\u0131nda \u00f6ne \u00e7\u0131kan \u00f6zellikler:<\/p>\n\n\n\n<ul class=\"wp-block-list\">\n<li>Dayan\u0131kl\u0131 ve uzun \u00f6m\u00fcrl\u00fc yap\u0131<\/li>\n\n\n\n<li>Do\u011fal g\u00f6r\u00fcn\u00fcm ile \u00e7evreyle uyum<\/li>\n\n\n\n<li>Zamans\u0131z mimari etki<\/li>\n<\/ul>\n\n\n\n<hr class=\"wp-block-separator has-alpha-channel-opacity\"\/>\n\n\n<div class=\"wp-block-image\">\n<figure class=\"aligncenter size-large is-resized\"><img decoding=\"async\" width=\"1047\" height=\"800\" src=\"https:\/\/efesushome.com\/wp-content\/uploads\/2026\/04\/hf_20260427_121421_82cc0e49-f9f8-4fb2-8aea-c0ae82e5412f-1047x800.png\" alt=\"- Efesus Home\" class=\"wp-image-65766\" style=\"aspect-ratio:1.3087615940794117;width:720px;height:auto\" title=\"\"><\/figure>\n<\/div>\n\n\n<p class=\"has-text-align-center\"><a href=\"https:\/\/efesushome.com\/tr\/beyaz-traverten\/\">Peyzajda Beyaz Traverten Rockface Uygulamas\u0131<\/a><\/p>\n\n\n\n<hr class=\"wp-block-separator has-alpha-channel-opacity\"\/>\n\n\n\n<h2 class=\"wp-block-heading\">Mek\u00e2nda Derinlik ve Doku Olu\u015fturma<\/h2>\n\n\n\n<p>Rockface ta\u015flar\u0131n en \u00f6nemli avantajlar\u0131ndan biri, y\u00fczeyde olu\u015fturdu\u011fu do\u011fal derinliktir. D\u00fcz kesimli ta\u015flara k\u0131yasla daha hareketli bir y\u00fczey sunan bu kaplamalar, mek\u00e2n\u0131n daha dinamik alg\u0131lanmas\u0131n\u0131 sa\u011flar.<\/p>\n\n\n\n<p>Bu etki:<\/p>\n\n\n\n<ul class=\"wp-block-list\">\n<li>Duvar\u0131n g\u00f6rsel a\u011f\u0131rl\u0131\u011f\u0131n\u0131 art\u0131r\u0131r<\/li>\n\n\n\n<li>Mek\u00e2na hacim hissi kazand\u0131r\u0131r<\/li>\n\n\n\n<li>Tasar\u0131m\u0131n daha g\u00fc\u00e7l\u00fc okunmas\u0131n\u0131 sa\u011flar<\/li>\n<\/ul>\n\n\n\n<hr class=\"wp-block-separator has-alpha-channel-opacity\"\/>\n\n\n<div class=\"wp-block-image\">\n<figure class=\"aligncenter size-large is-resized\"><img decoding=\"async\" width=\"724\" height=\"800\" src=\"https:\/\/efesushome.com\/wp-content\/uploads\/2026\/04\/hf_20260427_121535_9b1f3b0f-8616-4454-aee2-9b13901223c0-724x800.png\" alt=\"- Efesus Home\" class=\"wp-image-65767\" style=\"width:582px;height:auto\" title=\"\"><\/figure>\n<\/div>\n\n\n<p class=\"has-text-align-center\"><a href=\"https:\/\/efesushome.com\/tr\/beyaz-traverten\/\">\u0130\u00e7 Mekan Beyaz Traverten Rockface Duvar Kaplamas\u0131<\/a><\/p>\n\n\n\n<hr class=\"wp-block-separator has-alpha-channel-opacity\"\/>\n\n\n\n<h2 class=\"wp-block-heading\">Rockface Ta\u015f ile Zamans\u0131z Tasar\u0131m<\/h2>\n\n\n\n<p>Rockface do\u011fal ta\u015f duvar kaplama, trend odakl\u0131 bir uygulama de\u011fil; uzun y\u0131llar de\u011ferini koruyan bir tasar\u0131m yakla\u015f\u0131m\u0131d\u0131r. Do\u011fal ta\u015f\u0131n kendine \u00f6zg\u00fc dokusu sayesinde her y\u00fczey benzersiz bir karakter kazan\u0131r.<\/p>\n\n\n\n<p>Bu sayede:<\/p>\n\n\n\n<ul class=\"wp-block-list\">\n<li>Mek\u00e2n\u0131n kimli\u011fi g\u00fc\u00e7lenir<\/li>\n\n\n\n<li>Uzun \u00f6m\u00fcrl\u00fc \u00e7\u00f6z\u00fcmler elde edilir<\/li>\n\n\n\n<li>Yenileme ihtiyac\u0131 minimuma iner<\/li>\n<\/ul>\n\n\n\n<hr class=\"wp-block-separator has-alpha-channel-opacity\"\/>\n\n\n\n<h2 class=\"wp-block-heading\">Sonu\u00e7<\/h2>\n\n\n\n<p>Rockface do\u011fal ta\u015f duvar kaplama, i\u00e7 ve d\u0131\u015f mekan tasar\u0131m\u0131nda yaln\u0131zca bir y\u00fczey \u00e7\u00f6z\u00fcm\u00fc de\u011fil, ayn\u0131 zamanda mek\u00e2n\u0131n karakterini belirleyen g\u00fc\u00e7l\u00fc bir mimari ara\u00e7t\u0131r. Do\u011fru kullan\u0131ld\u0131\u011f\u0131nda, bulundu\u011fu alan\u0131 daha do\u011fal, dengeli ve etkileyici bir h\u00e2le getirir.<\/p>\n\n\n\n<p>Do\u011fal ta\u015f\u0131n ham dokusunu modern tasar\u0131m ile birle\u015ftirmek isteyen projeler i\u00e7in rockface uygulamalar\u0131, her zaman g\u00fc\u00e7l\u00fc ve zamans\u0131z bir se\u00e7enek sunar.<\/p>\n","protected":false},"excerpt":{"rendered":"<p>Rockface Do\u011fal Ta\u015f Duvar Kaplama ile Mekanlarda Do\u011fal Etki Rockace do\u011fal ta\u015f duvar kaplama, i\u00e7 ve d\u0131\u015f mekan tasar\u0131m\u0131nda y\u00fczeylere g\u00fc\u00e7l\u00fc bir karakter kazand\u0131ran uygulamalardan biridir. Do\u011fal ta\u015f\u0131n k\u0131r\u0131kl\u0131 ve ham dokusu sayesinde olu\u015fturulan bu y\u00fczeyler, mek\u00e2na yaln\u0131zca estetik de\u011fil ayn\u0131 zamanda derinlik ve hacim hissi de kazand\u0131r\u0131r. Modern mimaride s\u0131kl\u0131kla tercih edilen rockface uygulamalar\u0131, [&hellip;]<\/p>\n","protected":false},"author":1,"featured_media":65771,"comment_status":"closed","ping_status":"closed","sticky":false,"template":"","format":"standard","meta":{"_joinchat":[],"footnotes":""},"categories":[1],"tags":[1640,1639,1637,1044,1604,1641,1642,1636],"class_list":["post-65772","post","type-post","status-publish","format-standard","has-post-thumbnail","hentry","category-blog","tag-decorative-stone-wall","tag-exterior-stone-cladding","tag-interior-stone-wall","tag-natural-stone-facade-tr","tag-natural-stone-wall-cladding","tag-rockface-stone","tag-split-face-stone-2","tag-stone-wall-cladding"],"_links":{"self":[{"href":"https:\/\/efesushome.com\/tr\/wp-json\/wp\/v2\/posts\/65772","targetHints":{"allow":["GET"]}}],"collection":[{"href":"https:\/\/efesushome.com\/tr\/wp-json\/wp\/v2\/posts"}],"about":[{"href":"https:\/\/efesushome.com\/tr\/wp-json\/wp\/v2\/types\/post"}],"author":[{"embeddable":true,"href":"https:\/\/efesushome.com\/tr\/wp-json\/wp\/v2\/users\/1"}],"replies":[{"embeddable":true,"href":"https:\/\/efesushome.com\/tr\/wp-json\/wp\/v2\/comments?post=65772"}],"version-history":[{"count":2,"href":"https:\/\/efesushome.com\/tr\/wp-json\/wp\/v2\/posts\/65772\/revisions"}],"predecessor-version":[{"id":65788,"href":"https:\/\/efesushome.com\/tr\/wp-json\/wp\/v2\/posts\/65772\/revisions\/65788"}],"wp:featuredmedia":[{"embeddable":true,"href":"https:\/\/efesushome.com\/tr\/wp-json\/wp\/v2\/media\/65771"}],"wp:attachment":[{"href":"https:\/\/efesushome.com\/tr\/wp-json\/wp\/v2\/media?parent=65772"}],"wp:term":[{"taxonomy":"category","embeddable":true,"href":"https:\/\/efesushome.com\/tr\/wp-json\/wp\/v2\/categories?post=65772"},{"taxonomy":"post_tag","embeddable":true,"href":"https:\/\/efesushome.com\/tr\/wp-json\/wp\/v2\/tags?post=65772"}],"curies":[{"name":"wp","href":"https:\/\/api.w.org\/{rel}","templated":true}]}}