{"id":65839,"date":"2026-04-28T12:55:13","date_gmt":"2026-04-28T12:55:13","guid":{"rendered":"https:\/\/efesushome.com\/dogal-tas-mozaik-cesitleri-desenlere-gore-yuzey-tasarimi\/"},"modified":"2026-04-28T13:09:56","modified_gmt":"2026-04-28T13:09:56","slug":"dogal-tas-mozaik-cesitleri-desenlere-gore-yuzey-tasarimi","status":"publish","type":"post","link":"https:\/\/efesushome.com\/tr\/dogal-tas-mozaik-cesitleri-desenlere-gore-yuzey-tasarimi\/","title":{"rendered":"Do\u011fal Ta\u015f Mozaik \u00c7e\u015fitleri: Farkl\u0131 Desenler ile Y\u00fczey Tasar\u0131m\u0131 Rehberi"},"content":{"rendered":"\n<h2 class=\"wp-block-heading\">Do\u011fal Ta\u015f Mozaik \u00c7e\u015fitleri ile Y\u00fczey Tasar\u0131m\u0131nda Yeni Yakla\u015f\u0131mlar<\/h2>\n\n\n\n<p>Do\u011fal ta\u015f mozaik \u00e7e\u015fitleri, i\u00e7 ve d\u0131\u015f mekan tasar\u0131m\u0131nda y\u00fczeylere karakter kazand\u0131ran en g\u00fc\u00e7l\u00fc uygulamalardan biridir. K\u00fc\u00e7\u00fck par\u00e7alar\u0131n bir araya gelmesiyle olu\u015fan bu sistemler, yaln\u0131zca bir kaplama \u00e7\u00f6z\u00fcm\u00fc de\u011fil, ayn\u0131 zamanda mek\u00e2n\u0131n kimli\u011fini belirleyen \u00f6nemli bir tasar\u0131m arac\u0131d\u0131r.<\/p>\n\n\n\n<p>Mozaiklerin sundu\u011fu as\u0131l de\u011fer, kullan\u0131lan ta\u015f t\u00fcr\u00fcnden \u00e7ok olu\u015fturdu\u011fu desen, ritim ve y\u00fczey etkisidir. Bu nedenle do\u011fal ta\u015f mozaik \u00e7e\u015fitleri, g\u00fcn\u00fcm\u00fczde tasar\u0131m\u0131n merkezinde yer alan dinamik y\u00fczeyler olu\u015fturmak i\u00e7in tercih edilmektedir.<\/p>\n\n\n\n<hr class=\"wp-block-separator has-alpha-channel-opacity\"\/>\n\n\n\n<h2 class=\"wp-block-heading\">Desen Bazl\u0131 Mozaik Kullan\u0131m\u0131 Neden \u00d6nemlidir?<\/h2>\n\n\n\n<p>Do\u011fal ta\u015f mozaik \u00e7e\u015fitleri incelendi\u011finde en belirleyici unsurun desen oldu\u011fu g\u00f6r\u00fcl\u00fcr. Ayn\u0131 malzeme farkl\u0131 kesim ve yerle\u015fimlerle tamamen farkl\u0131 bir etki yaratabilir.<\/p>\n\n\n\n<p>Desen kullan\u0131m\u0131 sayesinde:<\/p>\n\n\n\n<ul class=\"wp-block-list\">\n<li>Mek\u00e2n\u0131n odak noktas\u0131 belirlenir<\/li>\n\n\n\n<li>Mek\u00e2n i\u00e7inde g\u00f6rsel ak\u0131\u015f olu\u015fturulur<\/li>\n\n\n\n<li>Y\u00fczeyler daha hareketli alg\u0131lan\u0131r<\/li>\n\n\n\n<li>Tekd\u00fcze alanlar zenginle\u015fir<\/li>\n<\/ul>\n\n\n\n<hr class=\"wp-block-separator has-alpha-channel-opacity\"\/>\n\n\n<div class=\"wp-block-image\">\n<figure class=\"aligncenter size-large is-resized\"><img fetchpriority=\"high\" decoding=\"async\" width=\"757\" height=\"800\" src=\"https:\/\/efesushome.com\/wp-content\/uploads\/2026\/04\/4-757x800.jpeg\" alt=\"- Efesus Home\" class=\"wp-image-65828\" style=\"aspect-ratio:0.9462745255386591;width:635px;height:auto\" title=\"\"><\/figure>\n<\/div>\n\n\n<p class=\"has-text-align-center\"><a href=\"https:\/\/efesushome.com\/tr\/ozel-mozaik-koleksiyonu-ec-103\/\">\u00d6zel Mozaik Koleksiyonu EC-74<\/a><\/p>\n\n\n\n<hr class=\"wp-block-separator has-alpha-channel-opacity\"\/>\n\n\n\n<h2 class=\"wp-block-heading\">Geometrik Mozaik Desenleri<\/h2>\n\n\n\n<p>Geometrik formlar, do\u011fal ta\u015f mozaik \u00e7e\u015fitleri aras\u0131nda en s\u0131k tercih edilen gruplardan biridir. Tekrar eden \u015fekiller sayesinde y\u00fczeyde d\u00fczenli ve dengeli bir kompozisyon olu\u015fur.<\/p>\n\n\n\n<p>\u00d6zellikle d\u00f6rt yaprak (clover), alt\u0131gen ve kesi\u015fimli grid sistemler y\u00fczeyde g\u00fc\u00e7l\u00fc bir ritim olu\u015fturur ve hem klasik hem modern tasar\u0131mlara uyum sa\u011flar.<\/p>\n\n\n\n<hr class=\"wp-block-separator has-alpha-channel-opacity\"\/>\n\n\n\n<h2 class=\"wp-block-heading\">Fan (Yelpaze) Form Mozaik Tasar\u0131mlar\u0131<\/h2>\n\n\n\n<p>Fan veya yelpaze formundaki mozaikler, y\u00fczeyde daha ak\u0131c\u0131 ve y\u00f6nlendiren bir etki olu\u015fturur. Bu tasar\u0131mlar \u00f6zellikle art deco ve modern i\u00e7 mekanlarda g\u00fc\u00e7l\u00fc bir g\u00f6rsel dil sunar.<\/p>\n\n\n\n<p>Bu desenler, \u0131\u015f\u0131kla birlikte farkl\u0131 g\u00f6lgeler olu\u015fturarak y\u00fczeye hareket kazand\u0131r\u0131r ve mek\u00e2n\u0131n daha canl\u0131 alg\u0131lanmas\u0131n\u0131 sa\u011flar.<\/p>\n\n\n\n<hr class=\"wp-block-separator has-alpha-channel-opacity\"\/>\n\n\n\n<div class=\"wp-block-columns is-layout-flex wp-container-core-columns-is-layout-9d6595d7 wp-block-columns-is-layout-flex\">\n<div class=\"wp-block-column is-layout-flow wp-block-column-is-layout-flow\" style=\"flex-basis:100%\"><\/div>\n<\/div>\n\n\n<div class=\"wp-block-image\">\n<figure class=\"aligncenter size-large is-resized\"><img decoding=\"async\" width=\"1400\" height=\"788\" src=\"https:\/\/efesushome.com\/wp-content\/uploads\/2026\/04\/tv-showroom-2-2-1400x788.jpg\" alt=\"- Efesus Home\" class=\"wp-image-65855\" style=\"aspect-ratio:1.7766341923318667;width:663px;height:auto\" title=\"\"><\/figure>\n<\/div>\n\n\n<p class=\"has-text-align-center\"><a href=\"https:\/\/efesushome.com\/tr\/ozel-mozaik-koleksiyonu-ec-63\/\">\u00d6zel Mozaik Kolekisyonu EC-63<\/a><\/p>\n\n\n\n<hr class=\"wp-block-separator has-alpha-channel-opacity\"\/>\n\n\n\n<p>Fan formunun en \u00f6nemli avantajlar\u0131ndan biri, ayn\u0131 desenin farkl\u0131 renk kombinasyonlar\u0131 ile tamamen farkl\u0131 bir karakter kazanabilmesidir. A\u00e7\u0131k tonlarda daha sade ve minimal bir g\u00f6r\u00fcn\u00fcm elde edilirken, kontrast renklerle daha dikkat \u00e7ekici ve g\u00fc\u00e7l\u00fc y\u00fczeyler olu\u015fturulabilir.<\/p>\n\n\n\n<hr class=\"wp-block-separator has-alpha-channel-opacity\"\/>\n\n\n<div class=\"wp-block-image\">\n<figure class=\"aligncenter size-large is-resized\"><img decoding=\"async\" width=\"823\" height=\"800\" src=\"https:\/\/efesushome.com\/wp-content\/uploads\/2026\/04\/hf_20260428_065003_52cda838-89a9-4bbd-ac8a-2dfa8d8700ac-1-823x800.png\" alt=\"- Efesus Home\" class=\"wp-image-65832\" style=\"aspect-ratio:1.028663273506563;width:599px;height:auto\" title=\"\"><\/figure>\n<\/div>\n\n\n<p class=\"has-text-align-center\"><a href=\"https:\/\/efesushome.com\/exclusive-mosaic-collection-ec-103\/\">\u00d6zel Mozaik Kolekisyonu EC-103<\/a><\/p>\n\n\n\n<hr class=\"wp-block-separator has-alpha-channel-opacity\"\/>\n\n\n\n<h2 class=\"wp-block-heading\">Yuvarlak (Penny) Mozaik \u00c7e\u015fitleri<\/h2>\n\n\n\n<p>Yuvarlak formdaki mozaikler, daha yumu\u015fak ve dengeli bir y\u00fczey alg\u0131s\u0131 olu\u015fturur. K\u00fc\u00e7\u00fck \u00e7apl\u0131 par\u00e7alar\u0131n bir araya gelmesiyle olu\u015fan bu sistemler, \u00f6zellikle detayl\u0131 y\u00fczeylerde tercih edilir.<\/p>\n\n\n\n<p>Penny mozaiklerin \u00f6ne \u00e7\u0131kan \u00f6zellikleri:<\/p>\n\n\n\n<ul class=\"wp-block-list\">\n<li>K\u00fc\u00e7\u00fck alanlarda g\u00fc\u00e7l\u00fc etki<\/li>\n\n\n\n<li>Homojen ve dengeli g\u00f6r\u00fcn\u00fcm<\/li>\n\n\n\n<li>Farkl\u0131 renk kombinasyonlar\u0131na uygunluk<\/li>\n<\/ul>\n\n\n\n<hr class=\"wp-block-separator has-alpha-channel-opacity\"\/>\n\n\n<div class=\"wp-block-image\">\n<figure class=\"aligncenter size-large is-resized\"><img loading=\"lazy\" decoding=\"async\" width=\"822\" height=\"800\" src=\"https:\/\/efesushome.com\/wp-content\/uploads\/2026\/04\/26-822x800.jpg\" alt=\"- Efesus Home\" class=\"wp-image-65826\" style=\"aspect-ratio:1.0275833676410044;width:624px;height:auto\" title=\"\"><\/figure>\n<\/div>\n\n\n<p class=\"has-text-align-center\"><a href=\"https:\/\/efesushome.com\/tr\/ozel-mozaik-koleksiyonu-ec-26\/\">\u00d6zel Mozaik Koleksiyonu EC-26<\/a><\/p>\n\n\n\n<hr class=\"wp-block-separator has-alpha-channel-opacity\"\/>\n\n\n\n<h2 class=\"wp-block-heading\">Desen ve Renk Uyumu ile Y\u00fczey Tasar\u0131m\u0131<\/h2>\n\n\n\n<p>Do\u011fal ta\u015f mozaik \u00e7e\u015fitleri yaln\u0131zca formdan ibaret de\u011fildir. Renk se\u00e7imi ve ta\u015f kombinasyonu, y\u00fczeyin genel etkisini do\u011frudan belirler.<\/p>\n\n\n\n<p>\u00d6zellikle a\u00e7\u0131k ve koyu tonlar\u0131n birlikte kullan\u0131lmas\u0131, mozaik y\u00fczeylerde daha derin ve katmanl\u0131 bir g\u00f6r\u00fcn\u00fcm olu\u015fturur.<\/p>\n\n\n\n<hr class=\"wp-block-separator has-alpha-channel-opacity\"\/>\n\n\n<div class=\"wp-block-image\">\n<figure class=\"aligncenter size-large is-resized\"><img loading=\"lazy\" decoding=\"async\" width=\"834\" height=\"800\" src=\"https:\/\/efesushome.com\/wp-content\/uploads\/2026\/04\/2-1-834x800.jpeg\" alt=\"- Efesus Home\" class=\"wp-image-65825\" style=\"aspect-ratio:1.0425363496229638;width:656px;height:auto\" title=\"\"><\/figure>\n<\/div>\n\n\n<p class=\"has-text-align-center\"><a href=\"https:\/\/efesushome.com\/tr\/ozel-mozaik-koleksiyonu-ec-100\/\">\u00d6zel Mozaik Kolekisyonu EC-100<\/a><\/p>\n\n\n\n<hr class=\"wp-block-separator has-alpha-channel-opacity\"\/>\n\n\n\n<h2 class=\"wp-block-heading\">Do\u011fal Ta\u015f Mozaiklerin Kullan\u0131m Alanlar\u0131<\/h2>\n\n\n\n<p>Do\u011fal ta\u015f mozaik \u00e7e\u015fitleri geni\u015f kullan\u0131m alan\u0131na sahiptir. Hem i\u00e7 hem de d\u0131\u015f mekanlarda farkl\u0131 y\u00fczeylerde uygulanabilir.<\/p>\n\n\n\n<p>En yayg\u0131n kullan\u0131m alanlar\u0131:<\/p>\n\n\n\n<ul class=\"wp-block-list\">\n<li>Banyo ve mutfak duvarlar\u0131<\/li>\n\n\n\n<li>Zemin kaplamalar\u0131<\/li>\n\n\n\n<li>Backsplash uygulamalar\u0131<\/li>\n\n\n\n<li>Dekoratif duvar y\u00fczeyleri<\/li>\n\n\n\n<li>\u00d6zel tasar\u0131m alanlar<\/li>\n<\/ul>\n\n\n\n<hr class=\"wp-block-separator has-alpha-channel-opacity\"\/>\n\n\n\n<h2 class=\"wp-block-heading\">Sonu\u00e7<\/h2>\n\n\n\n<p>Do\u011fal ta\u015f mozaik \u00e7e\u015fitleri, y\u00fczey tasar\u0131m\u0131nda estetik ve fonksiyonelli\u011fi bir araya getiren g\u00fc\u00e7l\u00fc bir \u00e7\u00f6z\u00fcmd\u00fcr. Desen, doku ve renk kombinasyonu sayesinde her mek\u00e2na \u00f6zg\u00fcn bir karakter kazand\u0131r\u0131r.<\/p>\n\n\n\n<p>Do\u011fru desen se\u00e7imi ile kullan\u0131lan mozaikler, s\u0131radan y\u00fczeyleri g\u00fc\u00e7l\u00fc bir tasar\u0131m \u00f6\u011fesine d\u00f6n\u00fc\u015ft\u00fcr\u00fcr. Bu y\u00f6n\u00fcyle mozaik, yaln\u0131zca bir kaplama de\u011fil, mimari bir anlat\u0131m arac\u0131d\u0131r.<\/p>\n","protected":false},"excerpt":{"rendered":"<p>Do\u011fal Ta\u015f Mozaik \u00c7e\u015fitleri ile Y\u00fczey Tasar\u0131m\u0131nda Yeni Yakla\u015f\u0131mlar Do\u011fal ta\u015f mozaik \u00e7e\u015fitleri, i\u00e7 ve d\u0131\u015f mekan tasar\u0131m\u0131nda y\u00fczeylere karakter kazand\u0131ran en g\u00fc\u00e7l\u00fc uygulamalardan biridir. K\u00fc\u00e7\u00fck par\u00e7alar\u0131n bir araya gelmesiyle olu\u015fan bu sistemler, yaln\u0131zca bir kaplama \u00e7\u00f6z\u00fcm\u00fc de\u011fil, ayn\u0131 zamanda mek\u00e2n\u0131n kimli\u011fini belirleyen \u00f6nemli bir tasar\u0131m arac\u0131d\u0131r. Mozaiklerin sundu\u011fu as\u0131l de\u011fer, kullan\u0131lan ta\u015f t\u00fcr\u00fcnden \u00e7ok [&hellip;]<\/p>\n","protected":false},"author":1,"featured_media":65838,"comment_status":"closed","ping_status":"closed","sticky":false,"template":"","format":"standard","meta":{"_joinchat":[],"footnotes":""},"categories":[1],"tags":[1651,1265,1650,1652,1653,1654],"class_list":["post-65839","post","type-post","status-publish","format-standard","has-post-thumbnail","hentry","category-blog","tag-decorative-mosaic-tiles","tag-marble-mosaic","tag-mosaic-floor-design","tag-mosaic-patterns","tag-mosaic-tile-types","tag-mosaic-wall-tiles"],"_links":{"self":[{"href":"https:\/\/efesushome.com\/tr\/wp-json\/wp\/v2\/posts\/65839","targetHints":{"allow":["GET"]}}],"collection":[{"href":"https:\/\/efesushome.com\/tr\/wp-json\/wp\/v2\/posts"}],"about":[{"href":"https:\/\/efesushome.com\/tr\/wp-json\/wp\/v2\/types\/post"}],"author":[{"embeddable":true,"href":"https:\/\/efesushome.com\/tr\/wp-json\/wp\/v2\/users\/1"}],"replies":[{"embeddable":true,"href":"https:\/\/efesushome.com\/tr\/wp-json\/wp\/v2\/comments?post=65839"}],"version-history":[{"count":6,"href":"https:\/\/efesushome.com\/tr\/wp-json\/wp\/v2\/posts\/65839\/revisions"}],"predecessor-version":[{"id":65857,"href":"https:\/\/efesushome.com\/tr\/wp-json\/wp\/v2\/posts\/65839\/revisions\/65857"}],"wp:featuredmedia":[{"embeddable":true,"href":"https:\/\/efesushome.com\/tr\/wp-json\/wp\/v2\/media\/65838"}],"wp:attachment":[{"href":"https:\/\/efesushome.com\/tr\/wp-json\/wp\/v2\/media?parent=65839"}],"wp:term":[{"taxonomy":"category","embeddable":true,"href":"https:\/\/efesushome.com\/tr\/wp-json\/wp\/v2\/categories?post=65839"},{"taxonomy":"post_tag","embeddable":true,"href":"https:\/\/efesushome.com\/tr\/wp-json\/wp\/v2\/tags?post=65839"}],"curies":[{"name":"wp","href":"https:\/\/api.w.org\/{rel}","templated":true}]}}