{"id":65876,"date":"2026-04-29T13:01:38","date_gmt":"2026-04-29T13:01:38","guid":{"rendered":"https:\/\/efesushome.com\/denizli-traverten-modern-dogal-ic-mekan-tasarim-fikirleri\/"},"modified":"2026-04-29T13:06:09","modified_gmt":"2026-04-29T13:06:09","slug":"denizli-traverten-modern-dogal-ic-mekan-tasarim-fikirleri","status":"publish","type":"post","link":"https:\/\/efesushome.com\/tr\/denizli-traverten-modern-dogal-ic-mekan-tasarim-fikirleri\/","title":{"rendered":"Denizli Traverten ile Modern ve Do\u011fal \u0130\u00e7 Mekan Tasar\u0131m Fikirleri"},"content":{"rendered":"\n<h2 class=\"wp-block-heading\">Denizli Traverten ile Do\u011fal ve Zamans\u0131z Ya\u015fam Alanlar\u0131<\/h2>\n\n\n\n<p>Denizli traverten, do\u011fal ta\u015f\u0131n en karakteristik ve dengeli t\u00fcrlerinden biri olarak ya\u015fam alanlar\u0131nda uzun y\u0131llard\u0131r tercih edilmektedir. A\u00e7\u0131k tonlar\u0131, do\u011fal bo\u015fluk yap\u0131s\u0131 ve y\u00fczey ge\u00e7i\u015fleri sayesinde traverten, mek\u00e2nlara s\u0131cak ve davetk\u00e2r bir atmosfer kazand\u0131r\u0131r.<\/p>\n\n\n\n<p>Efesus Home koleksiyonlar\u0131nda kullan\u0131lan Denizli traverten, do\u011fal yap\u0131s\u0131n\u0131 koruyarak i\u015flenen ve modern tasar\u0131m anlay\u0131\u015f\u0131 ile b\u00fct\u00fcnle\u015fen bir malzeme olarak \u00f6ne \u00e7\u0131kar. Bu sayede traverten yaln\u0131zca bir kaplama de\u011fil, ya\u015fam alanlar\u0131n\u0131n merkezinde yer alan g\u00fc\u00e7l\u00fc bir tasar\u0131m \u00f6\u011fesine d\u00f6n\u00fc\u015f\u00fcr.<\/p>\n\n\n\n<hr class=\"wp-block-separator has-alpha-channel-opacity\"\/>\n\n\n<div class=\"wp-block-image\">\n<figure class=\"aligncenter size-large is-resized\"><img fetchpriority=\"high\" decoding=\"async\" width=\"600\" height=\"800\" src=\"https:\/\/efesushome.com\/wp-content\/uploads\/2026\/04\/57-600x800.jpeg\" alt=\"- Efesus Home\" class=\"wp-image-65862\" style=\"width:430px;height:auto\" title=\"\"><\/figure>\n<\/div>\n\n\n<p class=\"has-text-align-center\"><a href=\"https:\/\/efesushome.com\/tr\/klasik-traverten-vein-cut-orta-sehpa-3\/\">Klasik Traverten Sehpa<\/a><\/p>\n\n\n\n<hr class=\"wp-block-separator has-alpha-channel-opacity\"\/>\n\n\n\n<h2 class=\"wp-block-heading\">Travertenin Mek\u00e2n \u00dczerindeki Etkisi<\/h2>\n\n\n\n<p>Denizli traverten, bulundu\u011fu mek\u00e2nda sert kontrastlar yerine yumu\u015fak ge\u00e7i\u015fler olu\u015fturur. Bu \u00f6zellik, \u00f6zellikle modern ya\u015fam alanlar\u0131nda daha dengeli ve sade bir atmosfer yarat\u0131lmas\u0131n\u0131 sa\u011flar.<\/p>\n\n\n\n<p>Traverten y\u00fczeylerin sa\u011flad\u0131\u011f\u0131 etki:<\/p>\n\n\n\n<ul class=\"wp-block-list\">\n<li>Mek\u00e2na do\u011fal bir s\u0131cakl\u0131k kazand\u0131r\u0131r<\/li>\n\n\n\n<li>Sert y\u00fczeyleri yumu\u015fat\u0131r<\/li>\n\n\n\n<li>I\u015f\u0131k ile birlikte do\u011fal bir derinlik olu\u015fturur<\/li>\n<\/ul>\n\n\n\n<p>Bu nedenle traverten, minimalist ve modern tasar\u0131m anlay\u0131\u015f\u0131 ile uyumlu bir malzeme olarak \u00f6ne \u00e7\u0131kar.<\/p>\n\n\n\n<hr class=\"wp-block-separator has-alpha-channel-opacity\"\/>\n\n\n\n<h2 class=\"wp-block-heading\">Traverten Mobilyalar ile Do\u011fal Tasar\u0131m<\/h2>\n\n\n\n<p>Denizli traverten, yaln\u0131zca zemin veya duvar kaplamalar\u0131nda de\u011fil, mobilya tasar\u0131mlar\u0131nda da g\u00fc\u00e7l\u00fc bir kullan\u0131m alan\u0131na sahiptir. Sehpa, masa ve konsol gibi \u00fcr\u00fcnlerde kullan\u0131lan traverten, mek\u00e2n i\u00e7inde b\u00fct\u00fcnc\u00fcl bir tasar\u0131m dili olu\u015fturur.<\/p>\n\n\n\n<p>Traverten mobilyalar\u0131n \u00f6ne \u00e7\u0131kan \u00f6zellikleri:<\/p>\n\n\n\n<ul class=\"wp-block-list\">\n<li>Do\u011fal ve benzersiz y\u00fczey yap\u0131s\u0131<\/li>\n\n\n\n<li>Her \u00fcr\u00fcnde farkl\u0131 doku ve karakter<\/li>\n\n\n\n<li>Zamans\u0131z ve sade g\u00f6r\u00fcn\u00fcm<\/li>\n<\/ul>\n\n\n\n<p>Bu \u00f6zellikler sayesinde traverten mobilyalar, farkl\u0131 tasar\u0131m stilleri ile kolayca uyum sa\u011flar.<\/p>\n\n\n\n<hr class=\"wp-block-separator has-alpha-channel-opacity\"\/>\n\n\n<div class=\"wp-block-image\">\n<figure class=\"aligncenter size-large is-resized\"><img decoding=\"async\" width=\"800\" height=\"800\" src=\"https:\/\/efesushome.com\/wp-content\/uploads\/2026\/04\/31-2-800x800.png\" alt=\"- Efesus Home\" class=\"wp-image-65863\" style=\"width:532px;height:auto\" title=\"\"><\/figure>\n<\/div>\n\n\n<p class=\"has-text-align-center\"><a href=\"https:\/\/efesushome.com\/tr\/light-traverten-yemek-masasi-3\/\">Traverten Yemek Masas\u0131 Yak\u0131n Detay\u0131<\/a><\/p>\n\n\n\n<hr class=\"wp-block-separator has-alpha-channel-opacity\"\/>\n\n\n\n<h2 class=\"wp-block-heading\">Zemin Dokusu ve Do\u011fall\u0131k<\/h2>\n\n\n\n<p>Denizli travertenin en \u00f6nemli \u00f6zelliklerinden biri, zemin y\u00fczeylerinde olu\u015fturdu\u011fu do\u011fal bo\u015fluklar ve dokusal ge\u00e7i\u015flerdir. Bu yap\u0131, malzemenin tamamen do\u011fal oldu\u011funu hissettirir ve mek\u00e2n i\u00e7inde yapay y\u00fczeylerden ayr\u0131\u015fmas\u0131n\u0131 sa\u011flar.<\/p>\n\n\n\n<p>Traverten zeminlerde:<\/p>\n\n\n\n<ul class=\"wp-block-list\">\n<li>Her y\u00fczey benzersiz bir doku sunar<\/li>\n\n\n\n<li>Do\u011fal bo\u015fluklar y\u00fczeye karakter kazand\u0131r\u0131r<\/li>\n\n\n\n<li>Mek\u00e2nda s\u0131cak ve dengeli bir atmosfer olu\u015fturur<\/li>\n<\/ul>\n\n\n\n<p>Bu \u00f6zellikler sayesinde traverten, \u00f6zellikle zemin uygulamalar\u0131nda do\u011fall\u0131\u011f\u0131n \u00f6n planda oldu\u011fu tasar\u0131mlar i\u00e7in g\u00fc\u00e7l\u00fc bir se\u00e7enek haline gelir.<\/p>\n\n\n\n<hr class=\"wp-block-separator has-alpha-channel-opacity\"\/>\n\n\n<div class=\"wp-block-image\">\n<figure class=\"aligncenter size-large is-resized\"><img decoding=\"async\" width=\"1071\" height=\"800\" src=\"https:\/\/efesushome.com\/wp-content\/uploads\/2026\/04\/hf_20260120_143012_edddd3a1-b89f-4f74-a3c6-8a63e7d115fd-1-1071x800.png\" alt=\"- Efesus Home\" class=\"wp-image-65864\" style=\"aspect-ratio:1.3387787628249825;width:661px;height:auto\" title=\"\"><\/figure>\n<\/div>\n\n\n<p class=\"has-text-align-center\"><a href=\"https:\/\/efesushome.com\/tr\/klasik-traverten\/\">Klasik Traverten Zemin Kaplamas\u0131<\/a><\/p>\n\n\n\n<hr class=\"wp-block-separator has-alpha-channel-opacity\"\/>\n\n\n\n<h2 class=\"wp-block-heading\">Farkl\u0131 Malzemeler ile Traverten Uyumu<\/h2>\n\n\n\n<p>Denizli traverten, n\u00f6tr renk yap\u0131s\u0131 sayesinde farkl\u0131 malzemeler ile kolayca kombinlenebilir. Ah\u015fap, metal ve tekstil gibi unsurlarla birlikte kullan\u0131ld\u0131\u011f\u0131nda dengeli ve modern bir g\u00f6r\u00fcn\u00fcm elde edilir.<\/p>\n\n\n\n<p>\u00d6ne \u00e7\u0131kan kombinasyonlar:<\/p>\n\n\n\n<ul class=\"wp-block-list\">\n<li>Traverten + a\u00e7\u0131k ton ah\u015fap<\/li>\n\n\n\n<li>Traverten + siyah metal detaylar<\/li>\n\n\n\n<li>Traverten + do\u011fal kuma\u015flar<\/li>\n<\/ul>\n\n\n\n<p>Bu uyum sayesinde traverten, \u00e7ok y\u00f6nl\u00fc bir tasar\u0131m eleman\u0131 haline gelir.<\/p>\n\n\n\n<hr class=\"wp-block-separator has-alpha-channel-opacity\"\/>\n\n\n<div class=\"wp-block-image\">\n<figure class=\"aligncenter size-large is-resized\"><img loading=\"lazy\" decoding=\"async\" width=\"600\" height=\"800\" src=\"https:\/\/efesushome.com\/wp-content\/uploads\/2026\/04\/WhatsApp-Image-2026-03-31-at-08.52.46-1-600x800.jpeg\" alt=\"- Efesus Home\" class=\"wp-image-65865\" style=\"width:440px;height:auto\" title=\"\"><\/figure>\n<\/div>\n\n\n<p class=\"has-text-align-center\"><a href=\"https:\/\/efesushome.com\/tr\/klasik-traverten\/\">Metal Detaylarla Birlikte Klasik Traverten Sehpa<\/a><\/p>\n\n\n\n<hr class=\"wp-block-separator has-alpha-channel-opacity\"\/>\n\n\n\n<h2 class=\"wp-block-heading\">Traverten ile Zamans\u0131z Mekanlar<\/h2>\n\n\n\n<p>Denizli traverten, trend odakl\u0131 bir malzeme de\u011fildir. Do\u011fal yap\u0131s\u0131 ve sade g\u00f6r\u00fcn\u00fcm\u00fc sayesinde y\u0131llar boyunca de\u011ferini koruyan bir tasar\u0131m sunar.<\/p>\n\n\n\n<p>Bu \u00f6zelli\u011fi ile:<\/p>\n\n\n\n<ul class=\"wp-block-list\">\n<li>Uzun vadeli kullan\u0131m sa\u011flar<\/li>\n\n\n\n<li>Mek\u00e2n\u0131n eskimesini geciktirir<\/li>\n\n\n\n<li>Zamans\u0131z bir estetik sunar<\/li>\n<\/ul>\n\n\n\n<hr class=\"wp-block-separator has-alpha-channel-opacity\"\/>\n\n\n<div class=\"wp-block-image\">\n<figure class=\"aligncenter size-large is-resized\"><img loading=\"lazy\" decoding=\"async\" width=\"644\" height=\"800\" src=\"https:\/\/efesushome.com\/wp-content\/uploads\/2026\/04\/hf_20260401_102354_181804ba-9c39-4771-9183-37722ecf0ac2-1-644x800.png\" alt=\"- Efesus Home\" class=\"wp-image-65867\" style=\"aspect-ratio:0.8055622152960921;width:560px;height:auto\" title=\"\"><\/figure>\n<\/div>\n\n\n<p class=\"has-text-align-center\"><a href=\"https:\/\/efesushome.com\/tr\/klasik-traverten-yan-sehpa-3\/\">Klasik Traverten Yan Sehpa<\/a><\/p>\n\n\n\n<hr class=\"wp-block-separator has-alpha-channel-opacity\"\/>\n\n\n\n<h2 class=\"wp-block-heading\">Denizli Traverten ile Zamans\u0131z Tasar\u0131m Yakla\u015f\u0131m\u0131<\/h2>\n\n\n\n<p>Denizli traverten, do\u011fal ta\u015f\u0131n sundu\u011fu sadelik ve esteti\u011fi ya\u015fam alanlar\u0131na ta\u015f\u0131yan g\u00fc\u00e7l\u00fc bir malzemedir. Zemin uygulamalar\u0131ndan mobilya tasar\u0131mlar\u0131na kadar geni\u015f kullan\u0131m alan\u0131 sayesinde mek\u00e2nlarda b\u00fct\u00fcnc\u00fcl bir etki olu\u015fturur.<\/p>\n\n\n\n<p>Efesus Home yakla\u015f\u0131m\u0131yla \u015fekillenen traverten tasar\u0131mlar, do\u011fall\u0131\u011f\u0131 modern ya\u015fam alanlar\u0131 ile birle\u015ftirerek dengeli ve kal\u0131c\u0131 mekanlar olu\u015fturur. Bu y\u00f6n\u00fcyle traverten, yaln\u0131zca bir malzeme de\u011fil, ya\u015fam alanlar\u0131n\u0131n karakterini belirleyen temel unsurlardan biridir.<\/p>\n","protected":false},"excerpt":{"rendered":"<p>Denizli Traverten ile Do\u011fal ve Zamans\u0131z Ya\u015fam Alanlar\u0131 Denizli traverten, do\u011fal ta\u015f\u0131n en karakteristik ve dengeli t\u00fcrlerinden biri olarak ya\u015fam alanlar\u0131nda uzun y\u0131llard\u0131r tercih edilmektedir. A\u00e7\u0131k tonlar\u0131, do\u011fal bo\u015fluk yap\u0131s\u0131 ve y\u00fczey ge\u00e7i\u015fleri sayesinde traverten, mek\u00e2nlara s\u0131cak ve davetk\u00e2r bir atmosfer kazand\u0131r\u0131r. Efesus Home koleksiyonlar\u0131nda kullan\u0131lan Denizli traverten, do\u011fal yap\u0131s\u0131n\u0131 koruyarak i\u015flenen ve modern tasar\u0131m [&hellip;]<\/p>\n","protected":false},"author":1,"featured_media":65874,"comment_status":"closed","ping_status":"closed","sticky":false,"template":"","format":"standard","meta":{"_joinchat":[],"footnotes":""},"categories":[1],"tags":[558,664,1085,1020,1142],"class_list":["post-65876","post","type-post","status-publish","format-standard","has-post-thumbnail","hentry","category-blog","tag-denizli-travertine-tr","tag-natural-stone-flooring-tr","tag-natural-stone-interior-tr","tag-traverten-sehpa","tag-travertine-flooring-tr"],"_links":{"self":[{"href":"https:\/\/efesushome.com\/tr\/wp-json\/wp\/v2\/posts\/65876","targetHints":{"allow":["GET"]}}],"collection":[{"href":"https:\/\/efesushome.com\/tr\/wp-json\/wp\/v2\/posts"}],"about":[{"href":"https:\/\/efesushome.com\/tr\/wp-json\/wp\/v2\/types\/post"}],"author":[{"embeddable":true,"href":"https:\/\/efesushome.com\/tr\/wp-json\/wp\/v2\/users\/1"}],"replies":[{"embeddable":true,"href":"https:\/\/efesushome.com\/tr\/wp-json\/wp\/v2\/comments?post=65876"}],"version-history":[{"count":3,"href":"https:\/\/efesushome.com\/tr\/wp-json\/wp\/v2\/posts\/65876\/revisions"}],"predecessor-version":[{"id":65883,"href":"https:\/\/efesushome.com\/tr\/wp-json\/wp\/v2\/posts\/65876\/revisions\/65883"}],"wp:featuredmedia":[{"embeddable":true,"href":"https:\/\/efesushome.com\/tr\/wp-json\/wp\/v2\/media\/65874"}],"wp:attachment":[{"href":"https:\/\/efesushome.com\/tr\/wp-json\/wp\/v2\/media?parent=65876"}],"wp:term":[{"taxonomy":"category","embeddable":true,"href":"https:\/\/efesushome.com\/tr\/wp-json\/wp\/v2\/categories?post=65876"},{"taxonomy":"post_tag","embeddable":true,"href":"https:\/\/efesushome.com\/tr\/wp-json\/wp\/v2\/tags?post=65876"}],"curies":[{"name":"wp","href":"https:\/\/api.w.org\/{rel}","templated":true}]}}